{"id":22826,"date":"2026-02-23T11:23:53","date_gmt":"2026-02-23T10:23:53","guid":{"rendered":"https:\/\/branchenversicherung.ch\/?p=22826"},"modified":"2026-02-23T11:23:56","modified_gmt":"2026-02-23T10:23:56","slug":"securite-au-travail-comment-les-entreprises-peuvent-prevenir-les-risques","status":"publish","type":"post","link":"https:\/\/branchenversicherung.ch\/fr\/securite-au-travail-comment-les-entreprises-peuvent-prevenir-les-risques\/","title":{"rendered":"S\u00e9curit\u00e9 au travail : comment les entreprises peuvent pr\u00e9venir les risques"},"content":{"rendered":"<div class=\"gb-container gb-container-af76ad58\"><div class=\"gb-inside-container\">\n<div class=\"gb-grid-wrapper gb-grid-wrapper-77da2fa2\">\n<div class=\"gb-grid-column gb-grid-column-bae821c9\"><div class=\"gb-container gb-container-bae821c9\"><div class=\"gb-inside-container\">\n\n<div style=\"height:45px\" aria-hidden=\"true\" class=\"wp-block-spacer\"><\/div>\n\n\n\n<p>En Suisse, plus de 800 personnes sont victimes chaque jour d\u2019un accident du travail. Dans le pire des cas, les accidents du travail peuvent entra\u00eener une invalidit\u00e9 ou le d\u00e9c\u00e8s de la personne. En tant qu\u2019employeur, vous \u00eates responsable de la s\u00e9curit\u00e9 au travail. Dans cet article, vous d\u00e9couvrirez quels sont les risques, comment pr\u00e9venir les accidents et quels sont vos droits et obligations en tant qu\u2019employeur.<\/p>\n\n\n<section  class=\"icon-text columns-3\">\n    <div class=\"container\">\n                            <div class=\"row\">\n                                    <div class=\"col\">\n                                                    <img decoding=\"async\" class=\"icon\" src=\"https:\/\/branchenversicherung.ch\/wp-content\/uploads\/2024\/08\/Webseite_Icon_96x96px_KTG_Personlakosten_Kalkulierbar_24.png\" \/>\n                                                                        <p>Les employeurs sont responsables de la s\u00e9curit\u00e9 de leurs employ\u00e9s<\/p>\n                    <\/div>\n                                    <div class=\"col\">\n                                                    <img decoding=\"async\" class=\"icon\" src=\"https:\/\/branchenversicherung.ch\/wp-content\/uploads\/2024\/08\/Webseite_Icon_96x96px_Provisions\u00adunabhaengigkeit_24.png\" \/>\n                                                                        <p>Exemples pratiques et mesures<\/p>\n                    <\/div>\n                                    <div class=\"col\">\n                                                    <img decoding=\"async\" class=\"icon\" src=\"https:\/\/branchenversicherung.ch\/wp-content\/uploads\/2024\/08\/Webseite_Icon_96x96px_Rufezeichen_24.png\" \/>\n                                                                        <p>Aper\u00e7u des principales lois, ordonnances et directives<\/p>\n                    <\/div>\n                            <\/div>\n            <\/div>\n<\/section>\n\n\n<div style=\"height:50px\" aria-hidden=\"true\" class=\"wp-block-spacer\"><\/div>\n\n\n\n<div class=\"wp-block-rank-math-toc-block has-contrast-color has-base-3-background-color has-text-color has-background has-link-color wp-elements-6f52bafbb2ec8b5ddf99cb32ea9a2b15\" id=\"rank-math-toc\"><h2>Table des mati\u00e8res<\/h2><nav><ul><li class=\"\"><a href=\"#obligatorische-versicherungen-fur-unternehmen\">Exemples de mesures favorisant la s\u00e9curit\u00e9 et la sant\u00e9 au travail<\/a><\/li><li class=\"\"><a href=\"#arbeitssicherheit-in-der-praxis-4-grundsatze-fur-unternehmen-zum-schutz-von-arbeitnehmenden\">S\u00e9curit\u00e9 au travail dans la pratique : Quatre principes fondamentaux pour prot\u00e9ger les employ\u00e9s<\/a><\/li><li class=\"\"><a href=\"#obligatorische-versicherungen-fur-einzelunternehmen\">Aper\u00e7u des principales lois, ordonnances et directives pour les entreprises :<\/a><\/li><\/ul><\/nav><\/div>\n\n\n\n<div style=\"height:50px\" aria-hidden=\"true\" class=\"wp-block-spacer\"><\/div>\n\n\n\n<figure class=\"wp-block-image size-full is-resized\"><img decoding=\"async\" width=\"2400\" height=\"1000\" src=\"https:\/\/branchenversicherung.ch\/wp-content\/uploads\/2025\/11\/SicherheitAmArbeitsplatz_Header_2400x1000px.jpg\" alt=\"\" class=\"wp-image-22796\" style=\"object-fit:cover;width:1200px;height:500px\" srcset=\"https:\/\/branchenversicherung.ch\/wp-content\/uploads\/2025\/11\/SicherheitAmArbeitsplatz_Header_2400x1000px.jpg 2400w, https:\/\/branchenversicherung.ch\/wp-content\/uploads\/2025\/11\/SicherheitAmArbeitsplatz_Header_2400x1000px-300x125.jpg 300w, https:\/\/branchenversicherung.ch\/wp-content\/uploads\/2025\/11\/SicherheitAmArbeitsplatz_Header_2400x1000px-1024x427.jpg 1024w, https:\/\/branchenversicherung.ch\/wp-content\/uploads\/2025\/11\/SicherheitAmArbeitsplatz_Header_2400x1000px-768x320.jpg 768w, https:\/\/branchenversicherung.ch\/wp-content\/uploads\/2025\/11\/SicherheitAmArbeitsplatz_Header_2400x1000px-1536x640.jpg 1536w, https:\/\/branchenversicherung.ch\/wp-content\/uploads\/2025\/11\/SicherheitAmArbeitsplatz_Header_2400x1000px-2048x853.jpg 2048w\" sizes=\"(max-width: 2400px) 100vw, 2400px\" \/><\/figure>\n\n\n\n<div style=\"height:75px\" aria-hidden=\"true\" class=\"wp-block-spacer\"><\/div>\n\n\n\n<h2 class=\"wp-block-heading\" id=\"n\">S\u00e9curit\u00e9 et protection de la sant\u00e9 au travail : les obligations des entreprises<\/h2>\n\n\n\n<p>Ce n\u2019est un secret pour personne: la satisfaction de vos collaborateurs\/trices constitue \u00e0 long terme l\u2019une des conditions les plus importantes et les plus d\u00e9terminantes pour l\u2019avenir et le succ\u00e8s de votre entreprise. Vous ne devez donc pas n\u00e9gliger les aspects li\u00e9s \u00e0 la protection, \u00e0 la s\u00e9curit\u00e9 et \u00e0 la sant\u00e9. En tant qu\u2019employeur, vous \u00eates tenu d\u2019offrir \u00e0 vos employ\u00e9s un environnement de travail s\u00fbr et des mesures de protection appropri\u00e9es sur le lieu de travail.<\/p>\n\n\n\n<p>Il vous incombe d\u2019identifier suffisamment t\u00f4t les dangers auxquels vos employ\u00e9s sont expos\u00e9s, de prot\u00e9ger leur sant\u00e9 et, si n\u00e9cessaire, d\u2019adapter la protection au travail en fonction des activit\u00e9s et des domaines concern\u00e9s dans votre entreprise. En outre, vous \u00eates tenu, en tant qu\u2019employeur, de pr\u00e9voir les mesures n\u00e9cessaires en mati\u00e8re de lutte contre l\u2019incendie, de premiers secours et d\u2019\u00e9vacuation de vos collaborateurs\/trices.<\/p>\n\n\n\n<p>La s\u00e9curit\u00e9 au travail constitue un aspect essentiel de votre devoir de diligence. Vous devez am\u00e9nager les postes de travail de vos employ\u00e9s de telle sorte qu\u2019ils soient prot\u00e9g\u00e9s contre les accidents. Vous devez \u00e9galement veiller \u00e0 ce que leur sant\u00e9 physique et psychique ne soit pas mise en danger.<\/p>\n\n\n\n<p><strong>De plus <\/strong>: le lieu de travail comprend \u00e9galement les locaux de stockage, la cantine d\u2019entreprise, les cages d\u2019escalier et les parkings.<\/p>\n\n\n\n<div style=\"height:52px\" aria-hidden=\"true\" class=\"wp-block-spacer\"><\/div>\n\n\n\n<h2 class=\"wp-block-heading\" id=\"c\">S\u00e9curit\u00e9 au travail et protection de la sant\u00e9 : avantages pour vos employ\u00e9s et pour vous<\/h2>\n\n\n\n<p>En mettant en place des mesures de s\u00e9curit\u00e9 pour garantir un environnement de travail s\u00fbr, vous ne contribuez pas seulement \u00e0 prot\u00e9ger vos collaborateurs\/trices contre les accidents et \u00e0 pr\u00e9server leur sant\u00e9. Vous renforcez aussi activement la r\u00e9putation de votre entreprise.<\/p>\n\n\n\n<p>Des formations r\u00e9guli\u00e8res sur la s\u00e9curit\u00e9 et la protection de la sant\u00e9, ainsi que des postes de travail ergonomiques, sont \u00e9galement indispensables pour offrir des conditions de travail de qualit\u00e9.<\/p>\n\n\n\n<p>Certaines associations professionnelles ou caisses d\u2019assurance-accidents d\u00e9livrent des distinctions internes ou des certificats en mati\u00e8re de s\u00e9curit\u00e9 au travail, d\u2019assurance qualit\u00e9 et de protection de la sant\u00e9. Votre entreprise peut faire reconna\u00eetre son engagement en faveur de la s\u00e9curit\u00e9 au travail par le biais de telles certifications et initiatives d\u2019associations professionnelles, et en tirer parti dans sa communication publique.<\/p>\n\n\n\n<p>Vous pouvez ainsi :<\/p>\n\n\n\n<ul class=\"wp-block-list\">\n<li>vous positionner dans votre secteur comme une entreprise s\u00fbre et exemplaire.<\/li>\n\n\n\n<li>renforcer votre r\u00e9putation d\u2019employeur attractif.<\/li>\n<\/ul>\n\n\n\n<div style=\"height:100px\" aria-hidden=\"true\" class=\"wp-block-spacer\"><\/div>\n\n\n\n<h2 class=\"wp-block-heading bv_blog_h3\" id=\"obligatorische-versicherungen-fur-unternehmen\">Exemples de mesures favorisant la s\u00e9curit\u00e9 et la sant\u00e9 au travail<\/h2>\n\n\n\n<p>Le quotidien professionnel rec\u00e8le de nombreux dangers. La moindre inattention peut favoriser la survenance d\u2019un accident. Cela peut se produire notamment lors de t\u00e2ches r\u00e9p\u00e9titives. La liste ci-dessous, non exhaustive, pr\u00e9sente quelques recommandations de mesures favorisant la s\u00e9curit\u00e9 au travail.<\/p>\n\n\n\n<hr class=\"wp-block-separator has-alpha-channel-opacity\"\/>\n\n\n\n<div style=\"height:20px\" aria-hidden=\"true\" class=\"wp-block-spacer\"><\/div>\n\n\n<div class=\"gb-grid-wrapper gb-grid-wrapper-3ed0d5b7\">\n<div class=\"gb-grid-column gb-grid-column-b41c2323\"><div class=\"gb-container gb-container-b41c2323\"><\/div><\/div>\n\n<div class=\"gb-grid-column gb-grid-column-5ba485c2\"><div class=\"gb-container gb-container-5ba485c2\">\n\n<p><strong>Tr\u00e9buchements :<\/strong> Saviez-vous que les chutes apr\u00e8s avoir tr\u00e9buch\u00e9 ou gliss\u00e9 font partie des accidents du travail les plus fr\u00e9quents? S\u00e9curiser les c\u00e2bles qui tra\u00eenent sur le sol permet de r\u00e9duire consid\u00e9rablement le risque de chute. D\u2019autres accidents peuvent \u00eatre \u00e9vit\u00e9s en am\u00e9nageant des sols antid\u00e9rapants et des rampes ou mains courantes dans les escaliers.<\/p>\n\n<\/div><\/div>\n<\/div>\n\n\n<div style=\"height:50px\" aria-hidden=\"true\" class=\"wp-block-spacer\"><\/div>\n\n\n<div class=\"gb-grid-wrapper gb-grid-wrapper-35127263\">\n<div class=\"gb-grid-column gb-grid-column-4d82d3eb\"><div class=\"gb-container gb-container-4d82d3eb bv_blog_background\"><\/div><\/div>\n\n<div class=\"gb-grid-column gb-grid-column-cd09c1d7\"><div class=\"gb-container gb-container-cd09c1d7\">\n\n<p><strong>Transformation de denr\u00e9es alimentaires :<\/strong> Les sols glissants, les germes ou les coupures aux mains font partie des risques typiques dans les entreprises manipulant des denr\u00e9es alimentaires ou des produits sensibles. Des v\u00eatements de protection adapt\u00e9s, des mesures d\u2019hygi\u00e8ne rigoureuses et des rev\u00eatements de sol antid\u00e9rapants r\u00e9duisent sensiblement les risques d\u2019accident et de maladies.<a href=\"Lebensmittelverarbeitung: Rutschige B\u00f6den, Keime oder Schnittverletzungen geh\u00f6ren zu den typischen Risiken in Betrieben mit Lebensmitteln oder empfindlichen Produkten. Geeignete Schutzkleidung, konsequente Hygienemassnahmen und rutschfeste Bodenbel\u00e4ge senken das Unfall- und Gesundheitsrisiko deutlich.\"><br><\/a><\/p>\n\n<\/div><\/div>\n<\/div>\n\n\n<div style=\"height:50px\" aria-hidden=\"true\" class=\"wp-block-spacer\"><\/div>\n\n\n<div class=\"gb-grid-wrapper gb-grid-wrapper-2768aa5e\">\n<div class=\"gb-grid-column gb-grid-column-0acf5c68\"><div class=\"gb-container gb-container-0acf5c68\"><\/div><\/div>\n\n<div class=\"gb-grid-column gb-grid-column-0fb0dd5c\"><div class=\"gb-container gb-container-0fb0dd5c\">\n\n<p><strong>Efforts physiques au travail :<\/strong> Dans de nombreux secteurs, p. ex. le commerce de d\u00e9tail, la logistique ou la restauration, porter de lourdes charges ou rester longtemps debout peut pr\u00e9senter des risques. L\u2019utilisation d\u2019aides au levage et le port de chaussures ergonomiques r\u00e9duisent consid\u00e9rablement les risques d\u2019accident et de maladies.<\/p>\n\n<\/div><\/div>\n<\/div>\n\n\n<div style=\"height:50px\" aria-hidden=\"true\" class=\"wp-block-spacer\"><\/div>\n\n\n<div class=\"gb-grid-wrapper gb-grid-wrapper-1c0a000c\">\n<div class=\"gb-grid-column gb-grid-column-8f7fdb61\"><div class=\"gb-container gb-container-8f7fdb61\"><\/div><\/div>\n\n<div class=\"gb-grid-column gb-grid-column-9b2fc81b\"><div class=\"gb-container gb-container-9b2fc81b\">\n\n<p><strong>Dangers sur les chantiers, les sites de production et dans les entrep\u00f4ts :<\/strong> Ces lieux de travail pr\u00e9sentent de nombreux risques potentiellement mortels. Il est donc tr\u00e8s important d\u2019offrir \u00e0 vos collaborateurs\/trices une protection ad\u00e9quate pour leur garantir des conditions de travail s\u00fbres. Par exemple des v\u00eatements de protection et\/ou des gilets r\u00e9fl\u00e9chissants, des casques et des chaussures de s\u00e9curit\u00e9, des formations \u00e0 l\u2019utilisation des machines, ou des dispositifs de s\u00e9curit\u00e9 tels que des barri\u00e8res de protection.<\/p>\n\n\n\n<p>Le bruit fait partie des dangers les plus fr\u00e9quents sur le lieu de travail. Une exposition prolong\u00e9e au bruit peut entra\u00eener une perte auditive soudaine ou des acouph\u00e8nes, de mani\u00e8re parfois irr\u00e9versible. Dans un environnement bruyant, les employeurs (et les employ\u00e9s) doivent donc imp\u00e9rativement utiliser une protection auditive adapt\u00e9e.<\/p>\n\n<\/div><\/div>\n<\/div>\n\n\n<div style=\"height:50px\" aria-hidden=\"true\" class=\"wp-block-spacer\"><\/div>\n\n\n<div class=\"gb-grid-wrapper gb-grid-wrapper-0e1b3c04\">\n<div class=\"gb-grid-column gb-grid-column-7f0edca5\"><div class=\"gb-container gb-container-7f0edca5\"><\/div><\/div>\n\n<div class=\"gb-grid-column gb-grid-column-5750cd96\"><div class=\"gb-container gb-container-5750cd96\">\n\n<p><strong>Produits chimiques : <\/strong>En cas de contact avec des produits chimiques dangereux pour la sant\u00e9, la fiche de donn\u00e9es de s\u00e9curit\u00e9 du produit concern\u00e9 fournit des informations sur les effets de la substance et des recommandations pour sa manipulation. Pour prot\u00e9ger la sant\u00e9 de vos collaborateurs\/trices, utilisez ces informations et int\u00e9grez dans vos formations les principales consignes relatives aux produits chimiques utilis\u00e9s. De plus: le port de gants et de lunettes de protection est essentiel lors de la manipulation de substances dangereuses.<\/p>\n\n<\/div><\/div>\n<\/div>\n\n\n<div style=\"height:50px\" aria-hidden=\"true\" class=\"wp-block-spacer\"><\/div>\n\n\n<div class=\"gb-grid-wrapper gb-grid-wrapper-71170eeb\">\n<div class=\"gb-grid-column gb-grid-column-d92cf22c\"><div class=\"gb-container gb-container-d92cf22c\"><\/div><\/div>\n\n<div class=\"gb-grid-column gb-grid-column-3ea1d361\"><div class=\"gb-container gb-container-3ea1d361\">\n\n<p><strong>Ergonomie : <\/strong>Les activit\u00e9s n\u00e9cessitant une position assise prolong\u00e9e et\/ou une posture non naturelle sollicitent le dos et la colonne vert\u00e9brale. Il est donc recommand\u00e9 de pr\u00e9voir des tables, des chaises et des \u00e9crans r\u00e9glables en hauteur. Accorder des pauses r\u00e9guli\u00e8res \u00e0 vos employ\u00e9s est \u00e9galement tr\u00e8s important, en particulier lors de t\u00e2ches r\u00e9p\u00e9titives qui peuvent, par exemple, provoquer des tendinites.<\/p>\n\n<\/div><\/div>\n<\/div>\n\n\n<div style=\"height:100px\" aria-hidden=\"true\" class=\"wp-block-spacer\"><\/div>\n\n\n\n<h2 class=\"wp-block-heading\" id=\"arbeitssicherheit-in-der-praxis-4-grundsatze-fur-unternehmen-zum-schutz-von-arbeitnehmenden\"><strong>S\u00e9curit\u00e9 au travail dans la pratique : Quatre principes fondamentaux pour prot\u00e9ger les employ\u00e9s<\/strong><\/h2>\n\n\n\n<p>Respectez les principes suivants pour garantir la s\u00e9curit\u00e9 au travail dans votre entreprise :<\/p>\n\n\n\n<p><strong>1. <strong>La s\u00e9curit\u00e9 et la sant\u00e9 sont une priorit\u00e9 absolue :<\/strong><\/strong><\/p>\n\n\n\n<p>Les employeurs et les sup\u00e9rieurs hi\u00e9rarchiques sont responsables de la s\u00e9curit\u00e9 au travail.<\/p>\n\n\n<div class=\"gb-grid-wrapper gb-grid-wrapper-2e2dc82a\">\n<div class=\"gb-grid-column gb-grid-column-c9683ee6\"><div class=\"gb-container gb-container-c9683ee6\">\n\n<p>Les employeurs et les sup\u00e9rieurs hi\u00e9rarchiques doivent :<\/p>\n\n\n\n<ul class=\"wp-block-list\">\n<li>identifier les dangers existants dans l\u2019entreprise<\/li>\n\n\n\n<li>mettre en place des mesures de protection<\/li>\n<\/ul>\n\n<\/div><\/div>\n\n<div class=\"gb-grid-column gb-grid-column-569ef3ac\"><div class=\"gb-container gb-container-569ef3ac\">\n\n<p>Les employ\u00e9s doivent :<br><br><\/p>\n\n\n\n<ul class=\"wp-block-list\">\n<li>suivre les instructions des sup\u00e9rieurs hi\u00e9rarchiques<br><br>        <\/li>\n<\/ul>\n\n<\/div><\/div>\n<\/div>\n\n\n<div style=\"height:40px\" aria-hidden=\"true\" class=\"wp-block-spacer\"><\/div>\n\n\n<div class=\"gb-container gb-container-6159ad81\">\n\n<div class=\"wp-block-group has-base-background-color has-background\"><div class=\"wp-block-group__inner-container is-layout-constrained wp-block-group-is-layout-constrained\">\n<p><strong>Engagement en faveur de la pr\u00e9vention des accidents<\/strong><\/p>\n\n\n\n<p>L\u2019Assurance des m\u00e9tiers investit depuis des ann\u00e9es dans la pr\u00e9vention des accidents : par le biais de l\u2019\u00e9valuation des risques r\u00e9alis\u00e9e par nos experts, de conseils pratiques dans diff\u00e9rents domaines \u00e0 risque et d\u2019une sensibilisation permanente. Dans certains cas, nous participons \u00e0 la pr\u00e9vention des accidents chez nos clientes et clients.<\/p>\n<\/div><\/div>\n\n<\/div>\n\n\n<div style=\"height:50px\" aria-hidden=\"true\" class=\"wp-block-spacer\"><\/div>\n\n\n\n<p><strong>2. Instructions pr\u00e9cises avant de commencer le travail<\/strong><\/p>\n\n\n\n<p>Selon le secteur, diff\u00e9rentes mesures permettent de garantir un environnement de travail s\u00fbr. Ind\u00e9pendamment du secteur, les sup\u00e9rieurs hi\u00e9rarchiques sont tenus de fournir r\u00e9guli\u00e8rement des instructions \u00e0 leurs collaborateurs\/trices sur la s\u00e9curit\u00e9 au travail.<\/p>\n\n\n\n<p><strong>Important :<\/strong> Les collaborateurs\/trices qui ne re\u00e7oivent pas d\u2019instructions doivent imp\u00e9rativement en solliciter.<\/p>\n\n\n\n<div style=\"height:50px\" aria-hidden=\"true\" class=\"wp-block-spacer\"><\/div>\n\n\n\n<p><strong>3. Pr\u00e9vention des accidents sur le lieu de travail \u2013 la s\u00e9curit\u00e9 avant tout<\/strong><\/p>\n\n\n\n<p>Retirer sur la pointe des pieds une caisse lourde d\u2019un rayonnage? Non, \u00e0 \u00e9viter imp\u00e9rativement. En cas de danger potentiel, les employ\u00e9s ont non seulement le droit, mais aussi le devoir de dire \u00abstop\u00bb. Le travail ne doit reprendre que lorsqu\u2019il n\u2019existe plus aucun danger, car la s\u00e9curit\u00e9 passe avant tout.<\/p>\n\n\n\n<div style=\"height:50px\" aria-hidden=\"true\" class=\"wp-block-spacer\"><\/div>\n\n\n\n<p><strong>4. Le port de l\u2019\u00e9quipement de protection : une obligation, pas une option<\/strong><\/p>\n\n\n\n<p>Les employeurs doivent fournir, \u00e0 leurs frais, \u00e0 leurs collaborateurs\/trices l\u2019\u00e9quipement de protection n\u00e9cessaire, par exemple un gilet r\u00e9fl\u00e9chissant, un casque ou des chaussures sp\u00e9ciales. Les collaborateurs\/trices sont en contrepartie tenus de les utiliser.<\/p>\n\n\n\n<p><strong>Important :<\/strong> L\u2019\u00e9quipement de protection doit imp\u00e9rativement \u00eatre fourni aussi aux employ\u00e9s temporaires et aux apprentis, et financ\u00e9 par les employeurs. Ceux-ci doivent \u00e9galement prendre en charge le remplacement de l\u2019\u00e9quipement de protection en cas d\u2019usure normale.<\/p>\n\n\n\n<div style=\"height:20px\" aria-hidden=\"true\" class=\"wp-block-spacer\"><\/div>\n\n\n<div class=\"gb-container gb-container-d4f49e7e\">\n\n<div class=\"wp-block-group has-base-background-color has-background\"><div class=\"wp-block-group__inner-container is-layout-constrained wp-block-group-is-layout-constrained\">\n<p><strong>Safety Kit pour les apprentis en boucherie-charcuterie<\/strong><br>L\u2019Assurance des m\u00e9tiers propose aux apprentis en boucherie-charcuterie un kit de s\u00e9curit\u00e9 sp\u00e9cial. Moderne et tr\u00e8s pratique, il contient tous les accessoires obligatoires pour la formation initiale de bouch\u00e8re-charcuti\u00e8re, boucher-charcutier ou d\u2019assistant-e en boucherie-charcuterie. De telles solutions sectorielles peuvent, si n\u00e9cessaire, \u00eatre mises en \u0153uvre pour d\u2019autres secteurs.<\/p>\n\n\n\n<p><a href=\"https:\/\/marketing.branchenversicherung.ch\/safetykit-fr\" target=\"_blank\" rel=\"noreferrer noopener\">En savoir plus<\/a><\/p>\n<\/div><\/div>\n\n<\/div>\n\n\n<div style=\"height:100px\" aria-hidden=\"true\" class=\"wp-block-spacer\"><\/div>\n\n\n\n<h2 class=\"wp-block-heading bv_blog_h3\" id=\"obligatorische-versicherungen-fur-einzelunternehmen\">Aper\u00e7u des principales lois, ordonnances et directives pour les entreprises :<\/h2>\n\n\n\n<ul class=\"wp-block-list\">\n<li>Selon la <a href=\"https:\/\/www.fedlex.admin.ch\/eli\/cc\/1982\/1676_1676_1676\/fr\" data-type=\"link\" data-id=\"https:\/\/www.fedlex.admin.ch\/eli\/cc\/1982\/1676_1676_1676\/fr\" target=\"_blank\" rel=\"noopener\"><strong>loi sur l\u2019assurance-accidents (LAA)<\/strong><\/a>, les employeurs sont tenus de prot\u00e9ger leurs employ\u00e9s contre les accidents professionnels et les maladies professionnelles.<br>L\u2019assurance-accidents collective de l\u2019Assurance des m\u00e9tiers vous permet d\u2019assurer plusieurs collaborateurs\/trices. Elle comprend l\u2019assurance-accidents selon la LAA et peut \u00eatre \u00e9tendue avec une assurance compl\u00e9mentaire LAA. Demandez maintenant une offre personnalis\u00e9e.<\/li>\n<\/ul>\n\n\n\n<ul class=\"wp-block-list\">\n<li>Selon l\u2019<strong><a href=\"https:\/\/www.fedlex.admin.ch\/eli\/cc\/1983\/1968_1968_1968\/fr\" data-type=\"link\" data-id=\"https:\/\/www.fedlex.admin.ch\/eli\/cc\/1983\/1968_1968_1968\/fr\" target=\"_blank\" rel=\"noopener\">ordonnance sur la pr\u00e9vention des accidents (OPA<\/a><\/strong>), vous \u00eates tenu d\u2019identifier les dangers existants sur votre lieu de travail et de <strong>mettre en place les mesures de protection<\/strong> n\u00e9cessaires.<\/li>\n<\/ul>\n\n\n\n<ul class=\"wp-block-list\">\n<li>La <a href=\"https:\/\/www.ekas.admin.ch\/fr\/centre-dinformations\" data-type=\"link\" data-id=\"https:\/\/www.ekas.admin.ch\/fr\/centre-dinformations\" target=\"_blank\" rel=\"noopener\"><strong>directive de la Commission f\u00e9d\u00e9rale de coordination pour la s\u00e9curit\u00e9 au travail (CFST)<\/strong><\/a> explique comment pr\u00e9venir les maladies professionnelles et les accidents du travail.<\/li>\n<\/ul>\n\n\n\n<ul class=\"wp-block-list\">\n<li>La <strong>directive CFST concernant le recours aux m\u00e9decins du travail et autres sp\u00e9cialistes de la s\u00e9curit\u00e9 au travail (directive MSST)<\/strong> d\u00e9finit les situations dans lesquelles ces sp\u00e9cialistes doivent \u00eatre sollicit\u00e9s.<\/li>\n<\/ul>\n\n\n\n<ul class=\"wp-block-list\">\n<li>L\u2019<strong><a href=\"https:\/\/www.fedlex.admin.ch\/eli\/cc\/2008\/263\/fr\" data-type=\"link\" data-id=\"https:\/\/www.fedlex.admin.ch\/eli\/cc\/2008\/263\/fr\" target=\"_blank\" rel=\"noopener\">ordonnance sur la s\u00e9curit\u00e9 des machines<\/a><\/strong> r\u00e9glemente la mise sur le march\u00e9 et la surveillance du march\u00e9 conform\u00e9ment \u00e0 la directive Machines 2006\/42\/CE.<\/li>\n<\/ul>\n\n\n\n<ul class=\"wp-block-list\">\n<li>La <strong><a href=\"https:\/\/www.fedlex.admin.ch\/eli\/cc\/2010\/347\/fr\" data-type=\"link\" data-id=\"https:\/\/https\/www.fedlex.admin.ch\/eli\/cc\/2010\/347\/fr\" target=\"_blank\" rel=\"noopener\">loi f\u00e9d\u00e9rale sur la s\u00e9curit\u00e9 des produits (LSPro)<\/a><\/strong> d\u00e9finit, d\u2019une part, comment garantir la s\u00e9curit\u00e9 des produits et, d\u2019autre part, comment faciliter la libre circulation transfrontali\u00e8re des marchandises.<\/li>\n<\/ul>\n\n\n\n<ul class=\"wp-block-list\">\n<li>L\u2019<strong><a href=\"https:\/\/www.fedlex.admin.ch\/eli\/cc\/2010\/348\/fr\" data-type=\"link\" data-id=\"https:\/\/https\/www.fedlex.admin.ch\/eli\/cc\/2010\/348\/fr\" target=\"_blank\" rel=\"noopener\">ordonnance sur la s\u00e9curit\u00e9 des produits (OSPro) <\/a><\/strong>contient les dispositions relatives \u00e0 l\u2019application de la loi f\u00e9d\u00e9rale sur la s\u00e9curit\u00e9 des produits.<\/li>\n<\/ul>\n\n\n\n<div style=\"height:100px\" aria-hidden=\"true\" class=\"wp-block-spacer\"><\/div>\n\n\n<div class=\"gb-grid-wrapper gb-grid-wrapper-840035f9\">\n<div class=\"gb-grid-column gb-grid-column-81dd7106\"><div class=\"gb-container gb-container-81dd7106 eql__column\"><div class=\"gb-inside-container\">\n\n<figure class=\"wp-block-image size-large image__full\"><img decoding=\"async\" width=\"1024\" height=\"688\" src=\"https:\/\/branchenversicherung.ch\/wp-content\/uploads\/2021\/11\/BV_Teaser_Service_Wir-stehen_Rat_und_Tat_1120x752px-1024x688.jpg\" alt=\"\" class=\"wp-image-7159\" srcset=\"https:\/\/branchenversicherung.ch\/wp-content\/uploads\/2021\/11\/BV_Teaser_Service_Wir-stehen_Rat_und_Tat_1120x752px-1024x688.jpg 1024w, https:\/\/branchenversicherung.ch\/wp-content\/uploads\/2021\/11\/BV_Teaser_Service_Wir-stehen_Rat_und_Tat_1120x752px-300x201.jpg 300w, https:\/\/branchenversicherung.ch\/wp-content\/uploads\/2021\/11\/BV_Teaser_Service_Wir-stehen_Rat_und_Tat_1120x752px-768x516.jpg 768w, https:\/\/branchenversicherung.ch\/wp-content\/uploads\/2021\/11\/BV_Teaser_Service_Wir-stehen_Rat_und_Tat_1120x752px.jpg 1120w\" sizes=\"(max-width: 1024px) 100vw, 1024px\" \/><\/figure>\n\n<\/div><\/div><\/div>\n\n<div class=\"gb-grid-column gb-grid-column-61cdad65\"><div class=\"gb-container gb-container-61cdad65 make__me__relative\"><div class=\"gb-inside-container\">\n\n<h2 class=\"gb-headline gb-headline-794dafb4 gb-headline-text\">Vous avez des questions g\u00e9n\u00e9rales sur les assurances ?<\/h2>\n\n\n\n<p>Alain Baumann \u2013 responsable du service externe, se tient \u00e0 votre disposition pour r\u00e9pondre \u00e0 vos questions en mati\u00e8re d&rsquo;assurance et se r\u00e9jouit de votre prise de contact.<\/p>\n\n\n\n<p class=\"half__button__icon should__be__bottom\"><a href=\"mailto:alain.baumann@branchenversicherung.ch\" target=\"_blank\" rel=\"noreferrer noopener\">Contactez-nous !<\/a><\/p>\n\n<\/div><\/div><\/div>\n<\/div>\n<\/div><\/div><\/div>\n<\/div>\n<\/div><\/div>","protected":false},"excerpt":{"rendered":"","protected":false},"author":2,"featured_media":22704,"comment_status":"closed","ping_status":"closed","sticky":false,"template":"","format":"standard","meta":{"_acf_changed":false,"iawp_total_views":40,"footnotes":""},"categories":[42,41],"tags":[],"class_list":["post-22826","post","type-post","status-publish","format-standard","has-post-thumbnail","hentry","category-conseils-pratiques","category-prevention"],"acf":[],"_links":{"self":[{"href":"https:\/\/branchenversicherung.ch\/fr\/wp-json\/wp\/v2\/posts\/22826","targetHints":{"allow":["GET"]}}],"collection":[{"href":"https:\/\/branchenversicherung.ch\/fr\/wp-json\/wp\/v2\/posts"}],"about":[{"href":"https:\/\/branchenversicherung.ch\/fr\/wp-json\/wp\/v2\/types\/post"}],"author":[{"embeddable":true,"href":"https:\/\/branchenversicherung.ch\/fr\/wp-json\/wp\/v2\/users\/2"}],"replies":[{"embeddable":true,"href":"https:\/\/branchenversicherung.ch\/fr\/wp-json\/wp\/v2\/comments?post=22826"}],"version-history":[{"count":19,"href":"https:\/\/branchenversicherung.ch\/fr\/wp-json\/wp\/v2\/posts\/22826\/revisions"}],"predecessor-version":[{"id":22992,"href":"https:\/\/branchenversicherung.ch\/fr\/wp-json\/wp\/v2\/posts\/22826\/revisions\/22992"}],"wp:featuredmedia":[{"embeddable":true,"href":"https:\/\/branchenversicherung.ch\/fr\/wp-json\/wp\/v2\/media\/22704"}],"wp:attachment":[{"href":"https:\/\/branchenversicherung.ch\/fr\/wp-json\/wp\/v2\/media?parent=22826"}],"wp:term":[{"taxonomy":"category","embeddable":true,"href":"https:\/\/branchenversicherung.ch\/fr\/wp-json\/wp\/v2\/categories?post=22826"},{"taxonomy":"post_tag","embeddable":true,"href":"https:\/\/branchenversicherung.ch\/fr\/wp-json\/wp\/v2\/tags?post=22826"}],"curies":[{"name":"wp","href":"https:\/\/api.w.org\/{rel}","templated":true}]}}